{"id":306574,"date":"2024-08-09T00:00:00","date_gmt":"2024-08-08T22:00:00","guid":{"rendered":"https:\/\/www.voustenjeans.com\/the-jacob-cohen-grand-tour-capsule-paris-2\/"},"modified":"2024-08-09T00:00:00","modified_gmt":"2024-08-08T22:00:00","slug":"the-jacob-cohen-grand-tour-capsule-paris-2","status":"publish","type":"post","link":"https:\/\/www.voustenjeans.com\/fr\/the-jacob-cohen-grand-tour-capsule-paris-2\/","title":{"rendered":"The Jacob Coh\u00ebn Grand Tour Capsule: PARIS!"},"content":{"rendered":"<p><strong>Capsule Grand Tour : PARIS !<\/strong><\/p>\r\n\r\n<p>La collection capsule Jacob Coh\u00ebn Grand Tour vous emm\u00e8ne partout dans le monde dans les villes les plus belles et les plus inspirantes. Les derniers jeans de cette collection vous emm\u00e8nent dans la ville de Paris, avec la cath\u00e9drale Notre-Dame en t\u00eate. Le motif caract\u00e9ristique de la Cath\u00e9drale Notre Dame se refl\u00e8te subtilement dans l&rsquo;\u00e9cusson, le bouton, l&rsquo;int\u00e9rieur et le foulard de ce jean. Disponible dans les mod\u00e8les <a href=\"https:\/\/www.voustenjeans.com\/fr\/jeans-homme\/jacob-cohen-j622-nick-slim-grand-tour-paris-0014-909d-39631-0014-909d\"><strong>622 Nick Slim<\/strong><\/a> et <a href=\"https:\/\/www.voustenjeans.com\/fr\/jeans-homme\/jacob-cohen-j688-bard-grand-tour-paris-0014-909d-39628-0014-909d\"><strong>688 Bard<\/strong><\/a>.<\/p>\r\n\r\n<p><em>Fabriquer un jean est une chose, raconter une histoire en est une autre !<\/em><\/p>\r\n\n<figure class=\"wp-block-image size-full\"><img decoding=\"async\" src=\"https:\/\/www.voustenjeans.com\/wp-content\/uploads\/2025\/06\/notre-dame_0.jpg\" alt=\"\" class=\"\"\/><\/figure>\n\n<figure class=\"wp-block-image size-full\"><img decoding=\"async\" src=\"https:\/\/www.voustenjeans.com\/wp-content\/uploads\/2025\/06\/notre_dame_jeans.png\" alt=\"\" class=\"\"\/><\/figure>\n\n<figure class=\"wp-block-image size-full\"><img decoding=\"async\" src=\"https:\/\/www.voustenjeans.com\/wp-content\/uploads\/2025\/06\/grand_tour_paris_button.png\" alt=\"\" class=\"\"\/><\/figure>\n","protected":false},"excerpt":{"rendered":"<p>Capsule Grand Tour : PARIS ! La collection capsule Jacob Coh\u00ebn Grand Tour vous emm\u00e8ne partout dans le monde dans les villes les plus belles et les plus inspirantes. Les derniers jeans de cette collection vous emm\u00e8nent dans la ville de Paris, avec la cath\u00e9drale Notre-Dame en t\u00eate. Le motif caract\u00e9ristique de la Cath\u00e9drale Notre [&#8230;]\n","protected":false},"author":1,"featured_media":306546,"comment_status":"closed","ping_status":"","sticky":false,"template":"","format":"standard","meta":{"footnotes":""},"categories":[1],"tags":[],"acf":[],"yoast_head":"<!-- This site is optimized with the Yoast SEO plugin v22.3 - https:\/\/yoast.com\/wordpress\/plugins\/seo\/ -->\n<title>The Jacob Coh\u00ebn Grand Tour Capsule: PARIS! - Vousten Jeans<\/title>\n<meta name=\"robots\" content=\"index, follow, max-snippet:-1, max-image-preview:large, max-video-preview:-1\" \/>\n<link rel=\"canonical\" href=\"https:\/\/www.voustenjeans.com\/fr\/the-jacob-cohen-grand-tour-capsule-paris-2\/\" \/>\n<meta property=\"og:locale\" content=\"fr_FR\" \/>\n<meta property=\"og:type\" content=\"article\" \/>\n<meta property=\"og:title\" content=\"The Jacob Coh\u00ebn Grand Tour Capsule: PARIS! - Vousten Jeans\" \/>\n<meta property=\"og:description\" content=\"Capsule Grand Tour : PARIS ! La collection capsule Jacob Coh\u00ebn Grand Tour vous emm\u00e8ne partout dans le monde dans les villes les plus belles et les plus inspirantes. Les derniers jeans de cette collection vous emm\u00e8nent dans la ville de Paris, avec la cath\u00e9drale Notre-Dame en t\u00eate. Le motif caract\u00e9ristique de la Cath\u00e9drale Notre [...]\" \/>\n<meta property=\"og:url\" content=\"https:\/\/www.voustenjeans.com\/fr\/the-jacob-cohen-grand-tour-capsule-paris-2\/\" \/>\n<meta property=\"og:site_name\" content=\"Vousten Jeans\" \/>\n<meta property=\"article:published_time\" content=\"2024-08-08T22:00:00+00:00\" \/>\n<meta property=\"og:image\" content=\"https:\/\/www.voustenjeans.com\/wp-content\/uploads\/2025\/06\/notre-dame_0.jpg\" \/>\n\t<meta property=\"og:image:width\" content=\"2304\" \/>\n\t<meta property=\"og:image:height\" content=\"1667\" \/>\n\t<meta property=\"og:image:type\" content=\"image\/jpeg\" \/>\n<meta name=\"author\" content=\"dennis\" \/>\n<meta name=\"twitter:card\" content=\"summary_large_image\" \/>\n<meta name=\"twitter:label1\" content=\"Written by\" \/>\n\t<meta name=\"twitter:data1\" content=\"dennis\" \/>\n\t<meta name=\"twitter:label2\" content=\"Est. reading time\" \/>\n\t<meta name=\"twitter:data2\" content=\"1 minute\" \/>\n<script type=\"application\/ld+json\" class=\"yoast-schema-graph\">{\"@context\":\"https:\/\/schema.org\",\"@graph\":[{\"@type\":\"WebPage\",\"@id\":\"https:\/\/www.voustenjeans.com\/fr\/the-jacob-cohen-grand-tour-capsule-paris-2\/\",\"url\":\"https:\/\/www.voustenjeans.com\/fr\/the-jacob-cohen-grand-tour-capsule-paris-2\/\",\"name\":\"The Jacob Coh\u00ebn Grand Tour Capsule: PARIS! - Vousten Jeans\",\"isPartOf\":{\"@id\":\"https:\/\/www.voustenjeans.com\/en\/#website\"},\"primaryImageOfPage\":{\"@id\":\"https:\/\/www.voustenjeans.com\/fr\/the-jacob-cohen-grand-tour-capsule-paris-2\/#primaryimage\"},\"image\":{\"@id\":\"https:\/\/www.voustenjeans.com\/fr\/the-jacob-cohen-grand-tour-capsule-paris-2\/#primaryimage\"},\"thumbnailUrl\":\"https:\/\/www.voustenjeans.com\/wp-content\/uploads\/2025\/06\/notre-dame_0.jpg\",\"datePublished\":\"2024-08-08T22:00:00+00:00\",\"dateModified\":\"2024-08-08T22:00:00+00:00\",\"author\":{\"@id\":\"https:\/\/www.voustenjeans.com\/en\/#\/schema\/person\/861e30e4a9bba17800cd46c2973d18d2\"},\"breadcrumb\":{\"@id\":\"https:\/\/www.voustenjeans.com\/fr\/the-jacob-cohen-grand-tour-capsule-paris-2\/#breadcrumb\"},\"inLanguage\":\"fr-FR\",\"potentialAction\":[{\"@type\":\"ReadAction\",\"target\":[\"https:\/\/www.voustenjeans.com\/fr\/the-jacob-cohen-grand-tour-capsule-paris-2\/\"]}]},{\"@type\":\"ImageObject\",\"inLanguage\":\"fr-FR\",\"@id\":\"https:\/\/www.voustenjeans.com\/fr\/the-jacob-cohen-grand-tour-capsule-paris-2\/#primaryimage\",\"url\":\"https:\/\/www.voustenjeans.com\/wp-content\/uploads\/2025\/06\/notre-dame_0.jpg\",\"contentUrl\":\"https:\/\/www.voustenjeans.com\/wp-content\/uploads\/2025\/06\/notre-dame_0.jpg\",\"width\":2304,\"height\":1667},{\"@type\":\"BreadcrumbList\",\"@id\":\"https:\/\/www.voustenjeans.com\/fr\/the-jacob-cohen-grand-tour-capsule-paris-2\/#breadcrumb\",\"itemListElement\":[{\"@type\":\"ListItem\",\"position\":1,\"name\":\"Home\",\"item\":\"https:\/\/www.voustenjeans.com\/fr\/\"},{\"@type\":\"ListItem\",\"position\":2,\"name\":\"The Jacob Coh\u00ebn Grand Tour Capsule: PARIS!\"}]},{\"@type\":\"WebSite\",\"@id\":\"https:\/\/www.voustenjeans.com\/en\/#website\",\"url\":\"https:\/\/www.voustenjeans.com\/en\/\",\"name\":\"Vousten Jeans\",\"description\":\"\",\"potentialAction\":[{\"@type\":\"SearchAction\",\"target\":{\"@type\":\"EntryPoint\",\"urlTemplate\":\"https:\/\/www.voustenjeans.com\/en\/?s={search_term_string}\"},\"query-input\":\"required name=search_term_string\"}],\"inLanguage\":\"fr-FR\"},{\"@type\":\"Person\",\"@id\":\"https:\/\/www.voustenjeans.com\/en\/#\/schema\/person\/861e30e4a9bba17800cd46c2973d18d2\",\"name\":\"dennis\",\"image\":{\"@type\":\"ImageObject\",\"inLanguage\":\"fr-FR\",\"@id\":\"https:\/\/www.voustenjeans.com\/en\/#\/schema\/person\/image\/\",\"url\":\"https:\/\/secure.gravatar.com\/avatar\/e143f62116c9a82e063d2c7f495a7a30?s=96&d=mm&r=g\",\"contentUrl\":\"https:\/\/secure.gravatar.com\/avatar\/e143f62116c9a82e063d2c7f495a7a30?s=96&d=mm&r=g\",\"caption\":\"dennis\"},\"sameAs\":[\"https:\/\/www.voustenjeans.com\"],\"url\":\"https:\/\/www.voustenjeans.com\/fr\/author\/dennis\/\"}]}<\/script>\n<!-- \/ Yoast SEO plugin. -->","yoast_head_json":{"title":"The Jacob Coh\u00ebn Grand Tour Capsule: PARIS! - Vousten Jeans","robots":{"index":"index","follow":"follow","max-snippet":"max-snippet:-1","max-image-preview":"max-image-preview:large","max-video-preview":"max-video-preview:-1"},"canonical":"https:\/\/www.voustenjeans.com\/fr\/the-jacob-cohen-grand-tour-capsule-paris-2\/","og_locale":"fr_FR","og_type":"article","og_title":"The Jacob Coh\u00ebn Grand Tour Capsule: PARIS! - Vousten Jeans","og_description":"Capsule Grand Tour : PARIS ! La collection capsule Jacob Coh\u00ebn Grand Tour vous emm\u00e8ne partout dans le monde dans les villes les plus belles et les plus inspirantes. Les derniers jeans de cette collection vous emm\u00e8nent dans la ville de Paris, avec la cath\u00e9drale Notre-Dame en t\u00eate. Le motif caract\u00e9ristique de la Cath\u00e9drale Notre [...]","og_url":"https:\/\/www.voustenjeans.com\/fr\/the-jacob-cohen-grand-tour-capsule-paris-2\/","og_site_name":"Vousten Jeans","article_published_time":"2024-08-08T22:00:00+00:00","og_image":[{"width":2304,"height":1667,"url":"https:\/\/www.voustenjeans.com\/wp-content\/uploads\/2025\/06\/notre-dame_0.jpg","type":"image\/jpeg"}],"author":"dennis","twitter_card":"summary_large_image","twitter_misc":{"Written by":"dennis","Est. reading time":"1 minute"},"schema":{"@context":"https:\/\/schema.org","@graph":[{"@type":"WebPage","@id":"https:\/\/www.voustenjeans.com\/fr\/the-jacob-cohen-grand-tour-capsule-paris-2\/","url":"https:\/\/www.voustenjeans.com\/fr\/the-jacob-cohen-grand-tour-capsule-paris-2\/","name":"The Jacob Coh\u00ebn Grand Tour Capsule: PARIS! - Vousten Jeans","isPartOf":{"@id":"https:\/\/www.voustenjeans.com\/en\/#website"},"primaryImageOfPage":{"@id":"https:\/\/www.voustenjeans.com\/fr\/the-jacob-cohen-grand-tour-capsule-paris-2\/#primaryimage"},"image":{"@id":"https:\/\/www.voustenjeans.com\/fr\/the-jacob-cohen-grand-tour-capsule-paris-2\/#primaryimage"},"thumbnailUrl":"https:\/\/www.voustenjeans.com\/wp-content\/uploads\/2025\/06\/notre-dame_0.jpg","datePublished":"2024-08-08T22:00:00+00:00","dateModified":"2024-08-08T22:00:00+00:00","author":{"@id":"https:\/\/www.voustenjeans.com\/en\/#\/schema\/person\/861e30e4a9bba17800cd46c2973d18d2"},"breadcrumb":{"@id":"https:\/\/www.voustenjeans.com\/fr\/the-jacob-cohen-grand-tour-capsule-paris-2\/#breadcrumb"},"inLanguage":"fr-FR","potentialAction":[{"@type":"ReadAction","target":["https:\/\/www.voustenjeans.com\/fr\/the-jacob-cohen-grand-tour-capsule-paris-2\/"]}]},{"@type":"ImageObject","inLanguage":"fr-FR","@id":"https:\/\/www.voustenjeans.com\/fr\/the-jacob-cohen-grand-tour-capsule-paris-2\/#primaryimage","url":"https:\/\/www.voustenjeans.com\/wp-content\/uploads\/2025\/06\/notre-dame_0.jpg","contentUrl":"https:\/\/www.voustenjeans.com\/wp-content\/uploads\/2025\/06\/notre-dame_0.jpg","width":2304,"height":1667},{"@type":"BreadcrumbList","@id":"https:\/\/www.voustenjeans.com\/fr\/the-jacob-cohen-grand-tour-capsule-paris-2\/#breadcrumb","itemListElement":[{"@type":"ListItem","position":1,"name":"Home","item":"https:\/\/www.voustenjeans.com\/fr\/"},{"@type":"ListItem","position":2,"name":"The Jacob Coh\u00ebn Grand Tour Capsule: PARIS!"}]},{"@type":"WebSite","@id":"https:\/\/www.voustenjeans.com\/en\/#website","url":"https:\/\/www.voustenjeans.com\/en\/","name":"Vousten Jeans","description":"","potentialAction":[{"@type":"SearchAction","target":{"@type":"EntryPoint","urlTemplate":"https:\/\/www.voustenjeans.com\/en\/?s={search_term_string}"},"query-input":"required name=search_term_string"}],"inLanguage":"fr-FR"},{"@type":"Person","@id":"https:\/\/www.voustenjeans.com\/en\/#\/schema\/person\/861e30e4a9bba17800cd46c2973d18d2","name":"dennis","image":{"@type":"ImageObject","inLanguage":"fr-FR","@id":"https:\/\/www.voustenjeans.com\/en\/#\/schema\/person\/image\/","url":"https:\/\/secure.gravatar.com\/avatar\/e143f62116c9a82e063d2c7f495a7a30?s=96&d=mm&r=g","contentUrl":"https:\/\/secure.gravatar.com\/avatar\/e143f62116c9a82e063d2c7f495a7a30?s=96&d=mm&r=g","caption":"dennis"},"sameAs":["https:\/\/www.voustenjeans.com"],"url":"https:\/\/www.voustenjeans.com\/fr\/author\/dennis\/"}]}},"_links":{"self":[{"href":"https:\/\/www.voustenjeans.com\/fr\/wp-json\/wp\/v2\/posts\/306574"}],"collection":[{"href":"https:\/\/www.voustenjeans.com\/fr\/wp-json\/wp\/v2\/posts"}],"about":[{"href":"https:\/\/www.voustenjeans.com\/fr\/wp-json\/wp\/v2\/types\/post"}],"author":[{"embeddable":true,"href":"https:\/\/www.voustenjeans.com\/fr\/wp-json\/wp\/v2\/users\/1"}],"replies":[{"embeddable":true,"href":"https:\/\/www.voustenjeans.com\/fr\/wp-json\/wp\/v2\/comments?post=306574"}],"version-history":[{"count":0,"href":"https:\/\/www.voustenjeans.com\/fr\/wp-json\/wp\/v2\/posts\/306574\/revisions"}],"wp:featuredmedia":[{"embeddable":true,"href":"https:\/\/www.voustenjeans.com\/fr\/wp-json\/wp\/v2\/media\/306546"}],"wp:attachment":[{"href":"https:\/\/www.voustenjeans.com\/fr\/wp-json\/wp\/v2\/media?parent=306574"}],"wp:term":[{"taxonomy":"category","embeddable":true,"href":"https:\/\/www.voustenjeans.com\/fr\/wp-json\/wp\/v2\/categories?post=306574"},{"taxonomy":"post_tag","embeddable":true,"href":"https:\/\/www.voustenjeans.com\/fr\/wp-json\/wp\/v2\/tags?post=306574"}],"curies":[{"name":"wp","href":"https:\/\/api.w.org\/{rel}","templated":true}]}}